{"id":9453,"date":"2026-01-12T17:45:04","date_gmt":"2026-01-12T17:45:04","guid":{"rendered":"https:\/\/www.less-records.de\/?p=9453"},"modified":"2026-01-15T17:02:30","modified_gmt":"2026-01-15T17:02:30","slug":"tom-blankenberg-salon-des-amateurs-21-01-2026","status":"publish","type":"post","link":"https:\/\/www.less-records.de\/de\/tom-blankenberg-salon-des-amateurs-21-01-2026\/","title":{"rendered":"Tom Blankenberg &#8211; Salon des Amateurs, 21.01.2026"},"content":{"rendered":"<div><img loading=\"lazy\" decoding=\"async\" class=\"alignnone size-medium wp-image-9454\" src=\"https:\/\/www.less-records.de\/wp-content\/uploads\/2026\/01\/TB_Salon_Invert_breit-300x200.jpg\" alt=\"\" width=\"300\" height=\"200\" srcset=\"https:\/\/www.less-records.de\/wp-content\/uploads\/2026\/01\/TB_Salon_Invert_breit-300x200.jpg 300w, https:\/\/www.less-records.de\/wp-content\/uploads\/2026\/01\/TB_Salon_Invert_breit-1024x683.jpg 1024w, https:\/\/www.less-records.de\/wp-content\/uploads\/2026\/01\/TB_Salon_Invert_breit-18x12.jpg 18w, https:\/\/www.less-records.de\/wp-content\/uploads\/2026\/01\/TB_Salon_Invert_breit-768x512.jpg 768w, https:\/\/www.less-records.de\/wp-content\/uploads\/2026\/01\/TB_Salon_Invert_breit-674x450.jpg 674w, https:\/\/www.less-records.de\/wp-content\/uploads\/2026\/01\/TB_Salon_Invert_breit-337x225.jpg 337w, https:\/\/www.less-records.de\/wp-content\/uploads\/2026\/01\/TB_Salon_Invert_breit-749x500.jpg 749w, https:\/\/www.less-records.de\/wp-content\/uploads\/2026\/01\/TB_Salon_Invert_breit-600x400.jpg 600w, https:\/\/www.less-records.de\/wp-content\/uploads\/2026\/01\/TB_Salon_Invert_breit.jpg 1274w\" sizes=\"(max-width: 300px) 100vw, 300px\" \/><\/div>\n<div>Tom Blankenberg (piano\/electronics)<\/div>\n<div><\/div>\n<div>\n<p>21.01.2026<br \/>\nSalon des Amateurs<br \/>\nKonzert 20:00<br \/>\nEinlass 19:30<\/p>\n<p>Kalt, finster und alles l\u00e4uft ein wenig langsamer &#8211; Januarmood.<br \/>\nDer D\u00fcsseldorfer Musiker und Sounddesigner Tom Blankenberg feiert das und bringt<br \/>\ndaf\u00fcr am 21.01. einige seiner dunklen Piano-Miniaturen in den Salon des Amateurs,<br \/>\ngespickt mit einem Hauch Electronics. Und auch einem akustischen Ausblick auf w\u00e4rmere Tage.<\/p>\n<p>Kein Vorverkauf.<br \/>\nEintritt ist frei bzw.\u00a0wird nach dem Solidarit\u00e4ts-Spendenprinzip\u00a0laufen.<br \/>\nDas bedeutet, f\u00fcr die, die\u00a0wenig haben\u00a0und dennoch uneingeschr\u00e4nkt Musik und Kultur erleben m\u00f6chten, zahlen die, die genug haben und es sich leisten k\u00f6nnen,\u00a0ein wenig mehr mit ein.<br \/>\nSpendenempfehlung deshalb 5,- bis 15,-\u20ac<br \/>\nUnd wer ganz nichts hat, hat freien freien Eintritt.<br \/>\nSo wird allen der Zugang zu Kunst und Kultur erm\u00f6glicht.<br \/>\nKlingt doch fair, oder?<\/p>\n<\/div>\n<div><strong><br \/>\nENGLISCH<br \/>\n<\/strong>21.01.2026<br \/>\nSalon des Amateurs<br \/>\nConcert 20:00<br \/>\nDoors 19:30<\/div>\n<div>\n<p>D\u00fcsseldorf based composer and sound designer Tom Blankenberg<\/p>\n<\/div>\n<div>will bring some dark January piano tunes<\/div>\n<div>sparkled with sparse electronics to the salon.<\/div>\n<div><\/div>\n<div>No fixed entry, donations possible.<\/div>\n<div><\/div>\n<div><\/div>\n<div><\/div>\n<div><\/div>","protected":false},"excerpt":{"rendered":"<p>Tom Blankenberg (piano\/electronics) 21.01.2026 Salon des Amateurs Konzert 20:00 Einlass 19:30 Kalt, finster und alles l\u00e4uft ein wenig langsamer &#8211; Januarmood. Der D\u00fcsseldorfer Musiker und Sounddesigner Tom Blankenberg feiert das und bringt daf\u00fcr am 21.01. einige seiner dunklen Piano-Miniaturen in den Salon des Amateurs, gespickt mit einem Hauch Electronics. Und auch einem akustischen Ausblick auf&#8230;<\/p>","protected":false},"author":1,"featured_media":9454,"comment_status":"closed","ping_status":"open","sticky":false,"template":"","format":"standard","meta":{"_acf_changed":false,"footnotes":""},"categories":[1],"tags":[],"acf":[],"_links":{"self":[{"href":"https:\/\/www.less-records.de\/de\/wp-json\/wp\/v2\/posts\/9453"}],"collection":[{"href":"https:\/\/www.less-records.de\/de\/wp-json\/wp\/v2\/posts"}],"about":[{"href":"https:\/\/www.less-records.de\/de\/wp-json\/wp\/v2\/types\/post"}],"author":[{"embeddable":true,"href":"https:\/\/www.less-records.de\/de\/wp-json\/wp\/v2\/users\/1"}],"replies":[{"embeddable":true,"href":"https:\/\/www.less-records.de\/de\/wp-json\/wp\/v2\/comments?post=9453"}],"version-history":[{"count":9,"href":"https:\/\/www.less-records.de\/de\/wp-json\/wp\/v2\/posts\/9453\/revisions"}],"predecessor-version":[{"id":9464,"href":"https:\/\/www.less-records.de\/de\/wp-json\/wp\/v2\/posts\/9453\/revisions\/9464"}],"wp:featuredmedia":[{"embeddable":true,"href":"https:\/\/www.less-records.de\/de\/wp-json\/wp\/v2\/media\/9454"}],"wp:attachment":[{"href":"https:\/\/www.less-records.de\/de\/wp-json\/wp\/v2\/media?parent=9453"}],"wp:term":[{"taxonomy":"category","embeddable":true,"href":"https:\/\/www.less-records.de\/de\/wp-json\/wp\/v2\/categories?post=9453"},{"taxonomy":"post_tag","embeddable":true,"href":"https:\/\/www.less-records.de\/de\/wp-json\/wp\/v2\/tags?post=9453"}],"curies":[{"name":"wp","href":"https:\/\/api.w.org\/{rel}","templated":true}]}}