{"id":10463,"date":"2026-02-23T13:41:08","date_gmt":"2026-02-23T13:41:08","guid":{"rendered":"https:\/\/www.less-records.de\/?p=10463"},"modified":"2026-03-19T20:12:17","modified_gmt":"2026-03-19T20:12:17","slug":"piano-days-dusseldorf","status":"publish","type":"post","link":"https:\/\/www.less-records.de\/de\/piano-days-dusseldorf\/","title":{"rendered":"Piano Days D\u00fcsseldorf 26"},"content":{"rendered":"<p><img loading=\"lazy\" decoding=\"async\" class=\"alignnone wp-image-10464\" src=\"https:\/\/www.less-records.de\/wp-content\/uploads\/2026\/02\/Banner_4_tagealle_artists-300x179.jpg\" alt=\"\" width=\"600\" height=\"358\" srcset=\"https:\/\/www.less-records.de\/wp-content\/uploads\/2026\/02\/Banner_4_tagealle_artists-300x179.jpg 300w, https:\/\/www.less-records.de\/wp-content\/uploads\/2026\/02\/Banner_4_tagealle_artists-1024x610.jpg 1024w, https:\/\/www.less-records.de\/wp-content\/uploads\/2026\/02\/Banner_4_tagealle_artists-18x12.jpg 18w, https:\/\/www.less-records.de\/wp-content\/uploads\/2026\/02\/Banner_4_tagealle_artists-768x457.jpg 768w, https:\/\/www.less-records.de\/wp-content\/uploads\/2026\/02\/Banner_4_tagealle_artists-755x450.jpg 755w, https:\/\/www.less-records.de\/wp-content\/uploads\/2026\/02\/Banner_4_tagealle_artists-378x225.jpg 378w, https:\/\/www.less-records.de\/wp-content\/uploads\/2026\/02\/Banner_4_tagealle_artists-839x500.jpg 839w, https:\/\/www.less-records.de\/wp-content\/uploads\/2026\/02\/Banner_4_tagealle_artists-600x357.jpg 600w\" sizes=\"(max-width: 600px) 100vw, 600px\" \/><br \/>\nPiano Days D\u00fcsseldorf \u00b426<br \/>\nWie schon in den vergangenen Jahren feiert D\u00fcsseldorf auch 2026 wieder die PIANO DAYS. Verschiedene lokale und internationale K\u00fcnstler*innen stellen in diesen Tagen das Klavier in den Mittelpunkt, interpretieren das Instrument auf ihre ganz eigene Weise und laden dazu ein, seinen Klang immer wieder neu zu entdecken.<\/p>\n<p>Donnerstag 26.03. &#8211; 21:00 Metropol Kino<br \/>\n&#8220;Cabin Music&#8221; von James Carson<span class=\"Apple-converted-space\"><br \/>\n<\/span>Dokumentarfilm USA22, 74 MIn, engl. OV<br \/>\n<span class=\"Apple-converted-space\"><a href=\"https:\/\/filmkunstkinos.de\/filme\/cabin-music-2022\">TICKETLINK<\/a><\/span><br \/>\nAchtung, kleines Kino. Reservierung empfohlen<\/p>\n<p><a href=\"https:\/\/fb.me\/e\/7nqXHyubV\">Freitag 27.03. &#8211; Theatermuseum D\u00fcsseldorf<\/a><br \/>\nKlenza<br \/>\nThilo Sch\u00f6lpen<br \/>\n19:00 Doors \/ 19:30 Konzert<\/p>\n<p><a href=\"https:\/\/fb.me\/e\/7socOAzis\">Samstag 28.03. \u2013 <em>the pool<\/em><\/a><br \/>\nMathieu Bech<br \/>\nClemens Christian Poetzsch<br \/>\n19:00 Doors \/ 20:00 Konzert<\/p>\n<p><a href=\"https:\/\/fb.me\/e\/7socOAzis\">Sonntag 29.03. Matinee Konzert \u2013 <em>the pool<\/em><\/a><br \/>\nYiorgos Parisis<br \/>\nSutter&amp;Wangen<br \/>\n11:00 Doors \/ 12:00 Konzert<\/p>\n<p>Die Piano Days D\u00fcsseldorf<span class=\"Apple-converted-space\">\u00a0<\/span>starten 2026 am Donnerstag, 26.03. mit einem Kinoabend im Metropol. <a href=\"https:\/\/www.instagram.com\/jamescabin\/\">\u201eCabin Music\u201c<\/a> ist das zwanzigj\u00e4hrige Projekt des Pianisten und Filmemachers James Carson, mit dem er die Art und Weise, wie Musik entsteht, revolutionieren will. Sein preisgekr\u00f6ntes Dokumentarfilmdeb\u00fct wird beschrieben als \u201emeditativ\u201c (Time Out New York), \u201eschimmernd\u201c (Feast of Music), \u201eintensiv sch\u00f6n\u201c (Mystery Catalog) und \u201eerhaben\u201c (The Independent Critic).<\/p>\n<p>Am Freitag, 27.03. pr\u00e4sentiert der D\u00fcsseldorfer Musiker <a href=\"https:\/\/www.instagram.com\/thilo_schoelpen\/\">Thilo Sch\u00f6lpen<\/a> im Theatermuseum das Releasekonzert seines neues Albums &#8220;Opium&#8221; \u2013 eine Auseinandersetzung mit Psychedelic Drone und Ambient-Musik, geschrieben f\u00fcr und gespielt auf einen\/m Fl\u00fcgel. Er\u00f6ffnet wird der Abend von der K\u00f6lner Art-Pop Musikerin <a href=\"https:\/\/www.instagram.com\/klenza_\/\">KLENZA<\/a> mit einem reinen Solo-Klavier-Set zwischen Jazz, Pop, Minimal und Klassik.<br class=\"html-br\" \/>Melancholische Motive und sph\u00e4rische Klangfl\u00e4chen treffen auf wechselhafte, groovige Passagen \u2013 ein Set zwischen Struktur und Improvisation.<\/p>\n<p>Am Samstag, den 28.03. begr\u00fc\u00dfen wir in <em>the pool<\/em> in D-Golzheim den Leipziger Pianisten <a href=\"https:\/\/www.instagram.com\/clemens_c_poetzsch\/\">Clemens Christian Poetzsch<\/a>, der St\u00fccke seines kommenden Albums &#8220;Nocturnes&#8221; mitbringt, die er als \u201econtemporary music shaped by the night\u201c beschreibt und die er erstmals in D\u00fcsseldorf zum Piano Day vorstellen wird. Und ebenso den K\u00f6lner Pianisten <a href=\"https:\/\/www.instagram.com\/_mathieubech\">Mathieu Bech<\/a> und sein Programm &#8220;Somnia Oscula&#8221;, das Klavierkompositionen der Romantik aufnimmt, anreichtert und in das 21. Jahrhundert<span class=\"Apple-converted-space\">\u00a0 <\/span>transferiert.<span class=\"Apple-converted-space\">\u00a0<\/span><\/p>\n<p>Am Sonntagmittag gibt es in diesem Jahr wieder eine Klaviermusik-Matinee in <em>the pool<\/em>. Zu Gast ist der griechische Pianist <a href=\"https:\/\/www.instagram.com\/yiorgosparisismusic\/\">Yiorgos Parisis<\/a> mit seiner besonderen Mischung aus Jazzminimalismus, Neuer Klassik und leichten Ankl\u00e4ngen hellenischer Motive und Harmonien.<span class=\"Apple-converted-space\"><br \/>\n<\/span>Den Abschluss des Festivals bildet der Aufritt des K\u00f6lner Duos <a href=\"https:\/\/www.instagram.com\/sutterundwangen\/\">Sutter&amp;Wangen<\/a>, das das Piano Days Publikum schon 2024 in ihren Bann zog und begeisterte.<br \/>\nIhr Dialog aus Cello und Klavierspiel, unterst\u00fctzt mit feiner Live-Elektronik, erschafft eine unwiderstehliche, lebendige Mischung aus Neoklassik, New Jazz und Cin\u00e9ma Nordique.<span class=\"Apple-converted-space\">\u00a0<\/span><\/p>\n<p>Die Konzerte werden nach dem Pay what you can Prinzip durchgef\u00fchrt<br \/>\nim Sinne eines solidarischem Erm\u00f6glichen von Teilhabe f\u00fcr jede*n.<br \/>\nSpendenempfehlung 5,- bis 15,- \u20ac<\/p>\n<p>Organisation und Kuratierung: <a href=\"http:\/\/www.tomblankenberg.de\">Tom Blankenberg<\/a> und <a href=\"https:\/\/www.raffaelseyfried.com\">Raffael Seyfried<\/a>.<br \/>\nMit freundlicher Unterst\u00fctzung von <a href=\"https:\/\/www.the-pool.space\">the pool<\/a> und ganz herzlichem Dank an\u00a0<a href=\"https:\/\/www.gabiluigs.de\">Gabi Luigs<\/a>, <a href=\"https:\/\/heinkehaberland.de\">Heinke Haberland<\/a> und <a href=\"http:\/\/www.michaelkrey.de\">Michael Krey,<\/a><br \/>\ndie den Piano Days D\u00fcsseldorf in diesem Jahr erneut ihre R\u00e4ume und Hilfe zu Verf\u00fcgung stellen.<br \/>\nSowie <a href=\"https:\/\/thiloschoelpen.de\">Thilo Sch\u00f6lpen,<\/a> der den Abend im <a href=\"https:\/\/theater-museum.de\">Theatermuseum<\/a> mitbestimmt, und Daniel B\u00e4ldle von Team der <a href=\"https:\/\/filmkunstkinos.de\">Filmkunstkinos<\/a>.<\/p>\n<p><a href=\"https:\/\/www.mixcloud.com\/tomblankenberg\/less-records-under-the-influence-13\/\">Radiosendung &#8220;Under The Influence&#8221; Episode13 zum Thema Piano Day\u00a0<\/a><\/p>\n<p><a href=\"https:\/\/linktr.ee\/pianodayduesseldorf\">LinkTree der Piano Days Duesseldorf<\/a><\/p>\n<p><a href=\"https:\/\/open.spotify.com\/playlist\/2uPrskf3Cb4pX2EEd1ig3q?si=432Vi0VxSr6prEX4i4mm-w\">Spotify Playlist der Piano Days Duesseldorf<\/a><br \/>\n<a href=\"https:\/\/youtube.com\/playlist?list=PLB2HGCwn0ykf0_JZrpqHs6Ngwc5PxCllJ&amp;si=Q_23qal9yx5M7skF\">YouTube Playlist der Piano Days Duesseldorf 26<\/a><\/p>\n<p>Hier findet Ihr Informationen zum internationalen <a href=\"https:\/\/www.pianoday.org\">Piano Day<\/a><\/p>","protected":false},"excerpt":{"rendered":"<p>Piano Days D\u00fcsseldorf \u00b426 Wie schon in den vergangenen Jahren feiert D\u00fcsseldorf auch 2026 wieder die PIANO DAYS. Verschiedene lokale und internationale K\u00fcnstler*innen stellen in diesen Tagen das Klavier in den Mittelpunkt, interpretieren das Instrument auf ihre ganz eigene Weise und laden dazu ein, seinen Klang immer wieder neu zu entdecken. Donnerstag 26.03. &#8211; 21:00&#8230;<\/p>","protected":false},"author":1,"featured_media":10464,"comment_status":"closed","ping_status":"open","sticky":false,"template":"","format":"standard","meta":{"_acf_changed":false,"footnotes":""},"categories":[1],"tags":[],"acf":[],"_links":{"self":[{"href":"https:\/\/www.less-records.de\/de\/wp-json\/wp\/v2\/posts\/10463"}],"collection":[{"href":"https:\/\/www.less-records.de\/de\/wp-json\/wp\/v2\/posts"}],"about":[{"href":"https:\/\/www.less-records.de\/de\/wp-json\/wp\/v2\/types\/post"}],"author":[{"embeddable":true,"href":"https:\/\/www.less-records.de\/de\/wp-json\/wp\/v2\/users\/1"}],"replies":[{"embeddable":true,"href":"https:\/\/www.less-records.de\/de\/wp-json\/wp\/v2\/comments?post=10463"}],"version-history":[{"count":12,"href":"https:\/\/www.less-records.de\/de\/wp-json\/wp\/v2\/posts\/10463\/revisions"}],"predecessor-version":[{"id":10509,"href":"https:\/\/www.less-records.de\/de\/wp-json\/wp\/v2\/posts\/10463\/revisions\/10509"}],"wp:featuredmedia":[{"embeddable":true,"href":"https:\/\/www.less-records.de\/de\/wp-json\/wp\/v2\/media\/10464"}],"wp:attachment":[{"href":"https:\/\/www.less-records.de\/de\/wp-json\/wp\/v2\/media?parent=10463"}],"wp:term":[{"taxonomy":"category","embeddable":true,"href":"https:\/\/www.less-records.de\/de\/wp-json\/wp\/v2\/categories?post=10463"},{"taxonomy":"post_tag","embeddable":true,"href":"https:\/\/www.less-records.de\/de\/wp-json\/wp\/v2\/tags?post=10463"}],"curies":[{"name":"wp","href":"https:\/\/api.w.org\/{rel}","templated":true}]}}